{"id":5623,"date":"2021-04-01T17:09:23","date_gmt":"2021-04-01T14:09:23","guid":{"rendered":"http:\/\/afrus.ru\/nijni-novgorod\/non-classifiee\/conference-d-arnaud-delebarre-questions-energetiques-et-climatiques-globales-des-donnees-aux-indicateurs-aux-actions\/"},"modified":"2021-04-01T17:10:27","modified_gmt":"2021-04-01T14:10:27","slug":"conference-d-arnaud-delebarre-questions-energetiques-et-climatiques-globales-des-donnees-aux-indicateurs-aux-actions","status":"publish","type":"post","link":"https:\/\/afrus.ru\/nijni-novgorod\/fr\/non-classifiee\/conference-d-arnaud-delebarre-questions-energetiques-et-climatiques-globales-des-donnees-aux-indicateurs-aux-actions\/","title":{"rendered":"Conf\u00e9rence d&#8217;Arnaud Delebarre \u00ab Questions \u00e9nerg\u00e9tiques et climatiques globales :  des donn\u00e9es, aux indicateurs, aux actions \u00bb"},"content":{"rendered":"\n<figure class=\"wp-block-image size-large\"><img loading=\"lazy\" decoding=\"async\" width=\"1024\" height=\"576\" src=\"https:\/\/afrus.ru\/nijni-novgorod\/wp-content\/uploads\/sites\/40\/2021\/04\/Gp_5KT8mn_8-1024x576.jpg\" alt=\"\" class=\"wp-image-5574\" srcset=\"https:\/\/afrus.ru\/nijni-novgorod\/wp-content\/uploads\/sites\/40\/2021\/04\/Gp_5KT8mn_8-1024x576.jpg 1024w, https:\/\/afrus.ru\/nijni-novgorod\/wp-content\/uploads\/sites\/40\/2021\/04\/Gp_5KT8mn_8-300x169.jpg 300w, https:\/\/afrus.ru\/nijni-novgorod\/wp-content\/uploads\/sites\/40\/2021\/04\/Gp_5KT8mn_8-768x432.jpg 768w, https:\/\/afrus.ru\/nijni-novgorod\/wp-content\/uploads\/sites\/40\/2021\/04\/Gp_5KT8mn_8.jpg 1280w\" sizes=\"(max-width: 1024px) 100vw, 1024px\" \/><\/figure>\n\n\n\n<h3 class=\"wp-block-heading\">le 12 avril, 18.30<\/h3>\n\n\n\n<p>Dans le cadre de la <a href=\"https:\/\/afrus.ru\/nijni-novgorod\/fr\/actualites\/festival-semaine-verte\/\">Semaine Verte<\/a> <\/p>\n\n\n\n<p>Pour le tout public<\/p>\n\n\n\n<p><em>Online, Zoom\r\n<\/em><\/p>\n\n\n\n<p>En fran\u00e7ais, Traduction simultan\u00e9e<\/p>\n\n\n\n<div class=\"wp-block-file\"><a href=\"http:\/\/afrus.ru\/nijni-novgorod\/wp-content\/uploads\/sites\/40\/2021\/03\/CV-AD.pdf\">CV d&#8217;Arnaud Delebarre<\/a><a href=\"http:\/\/afrus.ru\/nijni-novgorod\/wp-content\/uploads\/sites\/40\/2021\/03\/CV-AD.pdf\" class=\"wp-block-file__button\">T\u00e9l\u00e9charger<\/a><\/div>\n\n\n\n<p>Cette conf\u00e9rence se d\u00e9veloppe en trois parties successives. La premi\u00e8re pr\u00e9sente les donn\u00e9es portant sur le climat, les \u00e9missions de gaz \u00e0 effet de serre et la production et la consommation d\u2019\u00e9nergie. On montre dans cette premi\u00e8re partie o\u00f9 trouver des donn\u00e9es de bonne qualit\u00e9 et comment elles peuvent \u00eatre \u00e9tudi\u00e9es pour diagnostiquer l\u2019\u00e9volution pass\u00e9e et la situation actuelle des pays. Ainsi l\u2019\u00e9volution climatique et ses cons\u00e9quences sont rappel\u00e9es, notamment l\u2019effet accentu\u00e9 sur les zones arctiques et montagneuses de la Russie et de la France. Un point d\u2019attention sur la production d\u2019\u00e9lectricit\u00e9 est aussi propos\u00e9, sur la vari\u00e9t\u00e9 des sources de production selon les pays, dont la F\u00e9d\u00e9ration de Russie et la France. Un autre point d\u2019attention est abord\u00e9 sur le facteur de capacit\u00e9 des unit\u00e9s de production qui permettent d\u2019\u00e9valuer leur mobilisation dans la production d\u2019\u00e9lectricit\u00e9, et plus g\u00e9n\u00e9ralement d\u2019\u00e9nergie.<\/p>\n\n\n\n<p>Dans la seconde partie, on s\u2019int\u00e9resse \u00e0 la transformation des donn\u00e9es \u00e9nerg\u00e9tiques, d\u2019\u00e9missions de gaz \u00e0 effet de serre et climatiques, vues en premi\u00e8re partie, en outils d\u2019analyse et en connaissances. Ainsi sont pr\u00e9sent\u00e9s des indicateurs qui permettent d\u2019\u00e9valuer les inventaires nationaux d\u2019\u00e9missions de gaz \u00e0 effet de serre, tout comme l\u2019empreinte des individus des pays. Les indicateurs d\u2019\u00e9missions de CO2 de la F\u00e9d\u00e9ration de Russie et la France sont notamment compar\u00e9s et l\u2019\u00e9quation de Kaya est pr\u00e9sent\u00e9e pour montrer quelles perspectives d\u2019avenir s\u2019ouvrent compte tenu des param\u00e8tres qui entrent en ligne de compte dans sa formulation.<\/p>\n\n\n\n<p>La troisi\u00e8me partie part du constat que l\u2019\u00e9conomie des pays et du monde sera impact\u00e9e par l\u2019\u00e9volution du climat, que l\u2019on adopte des actions volontaristes de mutation industrielle ou de consommation pour corriger les \u00e9missions et limiter le r\u00e9chauffement, ou que l\u2019on d\u00e9cide au contraire de subir l\u2019\u00e9volution climatique et d\u2019adapter l\u2019\u00e9conomie en cons\u00e9quence. Des exemples sont donn\u00e9s pour montrer que, dans le premier cas, les efforts seront \u00e0 faire tant du point de vue du comportement des individus et notamment de leur consommation \u00e9nerg\u00e9tique et de leur impact carbone, que de celui des institutions ou des entreprises, si l\u2019on ne veut pas \u00e9puiser notre budget carbone avant la fin du si\u00e8cle.<\/p>\n","protected":false},"excerpt":{"rendered":"<p>le 12 avril, 18.30 Dans le cadre de la Semaine Verte Pour le tout public Online, Zoom En fran\u00e7ais, Traduction simultan\u00e9e Cette conf\u00e9rence se d\u00e9veloppe en trois parties successives. La premi\u00e8re pr\u00e9sente les donn\u00e9es portant sur le climat, les \u00e9missions de gaz \u00e0 effet de serre et la production et la consommation d\u2019\u00e9nergie. On montre [&hellip;]<\/p>\n","protected":false},"author":13,"featured_media":0,"comment_status":"closed","ping_status":"closed","sticky":false,"template":"","format":"standard","meta":{"inline_featured_image":false,"footnotes":""},"categories":[62,38,1],"tags":[],"class_list":["post-5623","post","type-post","status-publish","format-standard","hentry","category-novosti","category-news","category-1"],"_links":{"self":[{"href":"https:\/\/afrus.ru\/nijni-novgorod\/wp-json\/wp\/v2\/posts\/5623"}],"collection":[{"href":"https:\/\/afrus.ru\/nijni-novgorod\/wp-json\/wp\/v2\/posts"}],"about":[{"href":"https:\/\/afrus.ru\/nijni-novgorod\/wp-json\/wp\/v2\/types\/post"}],"author":[{"embeddable":true,"href":"https:\/\/afrus.ru\/nijni-novgorod\/wp-json\/wp\/v2\/users\/13"}],"replies":[{"embeddable":true,"href":"https:\/\/afrus.ru\/nijni-novgorod\/wp-json\/wp\/v2\/comments?post=5623"}],"version-history":[{"count":3,"href":"https:\/\/afrus.ru\/nijni-novgorod\/wp-json\/wp\/v2\/posts\/5623\/revisions"}],"predecessor-version":[{"id":5626,"href":"https:\/\/afrus.ru\/nijni-novgorod\/wp-json\/wp\/v2\/posts\/5623\/revisions\/5626"}],"wp:attachment":[{"href":"https:\/\/afrus.ru\/nijni-novgorod\/wp-json\/wp\/v2\/media?parent=5623"}],"wp:term":[{"taxonomy":"category","embeddable":true,"href":"https:\/\/afrus.ru\/nijni-novgorod\/wp-json\/wp\/v2\/categories?post=5623"},{"taxonomy":"post_tag","embeddable":true,"href":"https:\/\/afrus.ru\/nijni-novgorod\/wp-json\/wp\/v2\/tags?post=5623"}],"curies":[{"name":"wp","href":"https:\/\/api.w.org\/{rel}","templated":true}]}}