{"id":6993,"date":"2021-10-16T10:18:50","date_gmt":"2021-10-16T07:18:50","guid":{"rendered":"http:\/\/afrus.ru\/nijni-novgorod\/non-classifiee\/concert-de-samy-thiebault-a-la-philarmonie-de-nizhni-novgorod\/"},"modified":"2021-10-16T10:18:50","modified_gmt":"2021-10-16T07:18:50","slug":"concert-de-samy-thiebault-a-la-philarmonie-de-nizhni-novgorod","status":"publish","type":"post","link":"https:\/\/afrus.ru\/nijni-novgorod\/fr\/actualites-fr\/concert-de-samy-thiebault-a-la-philarmonie-de-nizhni-novgorod\/","title":{"rendered":"Concert de Samy Thi\u00e9bault \u00e0 la Philarmonie de Nizhni Novgorod"},"content":{"rendered":"\n<figure class=\"wp-block-image size-large\"><img loading=\"lazy\" decoding=\"async\" width=\"1024\" height=\"198\" src=\"https:\/\/afrus.ru\/nijni-novgorod\/wp-content\/uploads\/sites\/40\/2021\/09\/nizhnij-banner-2540h490-Sami-Tebo_1-min-1024x198.jpg\" alt=\"\" class=\"wp-image-6756\" srcset=\"https:\/\/afrus.ru\/nijni-novgorod\/wp-content\/uploads\/sites\/40\/2021\/09\/nizhnij-banner-2540h490-Sami-Tebo_1-min-1024x198.jpg 1024w, https:\/\/afrus.ru\/nijni-novgorod\/wp-content\/uploads\/sites\/40\/2021\/09\/nizhnij-banner-2540h490-Sami-Tebo_1-min-300x58.jpg 300w, https:\/\/afrus.ru\/nijni-novgorod\/wp-content\/uploads\/sites\/40\/2021\/09\/nizhnij-banner-2540h490-Sami-Tebo_1-min-768x148.jpg 768w, https:\/\/afrus.ru\/nijni-novgorod\/wp-content\/uploads\/sites\/40\/2021\/09\/nizhnij-banner-2540h490-Sami-Tebo_1-min-1536x296.jpg 1536w, https:\/\/afrus.ru\/nijni-novgorod\/wp-content\/uploads\/sites\/40\/2021\/09\/nizhnij-banner-2540h490-Sami-Tebo_1-min-2048x395.jpg 2048w\" sizes=\"(max-width: 1024px) 100vw, 1024px\" \/><\/figure>\n<p><span style=\"font-weight: 400\">Le saxophoniste et compositeur fran\u00e7ais <\/span><b>SAMY THIEBAULT<\/b><span style=\"font-weight: 400\"> va se produire pour la premi\u00e8re fois \u00e0 la Philarmonie de Nizhni Novgorod avec son collectif musical. Les musiciens pr\u00e9senteront au public son nouvel album \u00abSymphonic Tales\u00bb (\u00ab\u00a0Histoires symphoniques\u00a0\u00bb). Le concert est entr\u00e9 au programme de l\u2019abonnement de la philharmonie \u00ab\u00a0Les soir\u00e9e de jazz\u00a0\u00bb.<\/span><\/p>\n\n<p><i><span style=\"font-weight: 400\">Avec l\u2019appui de <\/span><\/i><a href=\"https:\/\/www.institutfrancais.ru\/ru\"><b><i>l\u2019Institut Fran\u00e7ais aupr\u00e8s de l\u2019ambassade de France en Russie<\/i><\/b><\/a><i><span style=\"font-weight: 400\"> et \u00ab\u00a0Alliance Fran\u00e7aise \u2014 Nizhni Novgorod\u00a0\u00bb<\/span><\/i><\/p>\n\n<p>Samy Thi\u00e9bault est l\u2019auteur de huit albums, dont le plus r\u00e9cent (\u00abSymphonic Tales\u00bb) a gagn\u00e9 la sympathie du public et critiques (le meilleur album de l\u2019ann\u00e9e 2019 selon \u00abT\u00e9l\u00e9rama\u00bb, \u00abTSF Jazz\u00bb et \u00abLe Monde\u00bb, nomin\u00e9 pour Victoires du  jazz 2020).<\/p>\n\n<h2 class=\"wp-block-heading\">Membres du Quartet<\/h2>\n\n<p class=\"has-background has-normal-font-size has-very-light-gray-background-color\"><i><span style=\"font-weight: 400\">Samy THIEBAULT-Saxophones, fl\u00fbte<\/span><\/i><\/p>\n\n<div class=\"wp-block-media-text alignwide has-media-on-the-right\"><figure class=\"wp-block-media-text__media\"><img loading=\"lazy\" decoding=\"async\" width=\"600\" height=\"900\" src=\"https:\/\/afrus.ru\/nijni-novgorod\/wp-content\/uploads\/sites\/40\/2021\/10\/A-3179678-1437471477-6417.jpeg.jpg\" alt=\"\" class=\"wp-image-6772\" srcset=\"https:\/\/afrus.ru\/nijni-novgorod\/wp-content\/uploads\/sites\/40\/2021\/10\/A-3179678-1437471477-6417.jpeg.jpg 600w, https:\/\/afrus.ru\/nijni-novgorod\/wp-content\/uploads\/sites\/40\/2021\/10\/A-3179678-1437471477-6417.jpeg-200x300.jpg 200w\" sizes=\"(max-width: 600px) 100vw, 600px\" \/><\/figure><div class=\"wp-block-media-text__content\">\n<p class=\"has-normal-font-size\"><b>Samy THIEBAULT<\/b><span style=\"font-weight: 400\">,<\/span> <span style=\"font-weight: 400\">un des \u00ab\u00a0plus grands jazzmen de la France\u00a0\u00bb selon JazzNews, est n\u00e9 en C\u00f4te d\u2019Ivoire de parents enseignants. Apr\u00e8s avoir suivi un parcours classique au Conservatoire de Bordeaux, il int\u00e8gre le prestigieux Conservatoire National Sup\u00e9rieur de Musique de Paris (qu\u2019il fint en 2008). Il obtient \u00e9galement un master de philosophie avec la mention \u00ab\u00a0tr\u00e8s bien\u00a0\u00bb en Sorbonne (en 2001).<\/span><\/p>\n<\/div><\/div>\n\n<p><\/p>\n\n<p><\/p>\n\n<p class=\"has-background has-very-light-gray-background-color\"><i><span style=\"font-weight: 400\">Adrien CHICOT-Piano<\/span><\/i><\/p>\n\n<div class=\"wp-block-media-text alignwide is-vertically-aligned-center\"><figure class=\"wp-block-media-text__media\"><img loading=\"lazy\" decoding=\"async\" width=\"907\" height=\"1024\" src=\"https:\/\/afrus.ru\/nijni-novgorod\/wp-content\/uploads\/sites\/40\/2021\/10\/27056743392_61836d19b3_b.jpeg\" alt=\"\" class=\"wp-image-6770\" srcset=\"https:\/\/afrus.ru\/nijni-novgorod\/wp-content\/uploads\/sites\/40\/2021\/10\/27056743392_61836d19b3_b.jpeg 907w, https:\/\/afrus.ru\/nijni-novgorod\/wp-content\/uploads\/sites\/40\/2021\/10\/27056743392_61836d19b3_b-266x300.jpeg 266w, https:\/\/afrus.ru\/nijni-novgorod\/wp-content\/uploads\/sites\/40\/2021\/10\/27056743392_61836d19b3_b-768x867.jpeg 768w\" sizes=\"(max-width: 907px) 100vw, 907px\" \/><\/figure><div class=\"wp-block-media-text__content\">\n<p class=\"has-normal-font-size\"><b>Adrien CHICOT<\/b><span style=\"font-weight: 400\">\u00a0est n\u00e9 \u00e0 Paris, depuis son enfance il s\u2019apprenait \u00e0 jouer du piano en autodidacte. Gr\u00e2ce \u00e0 sa grande coh\u00e9rence \u00e0 l\u2019apprentissage et \u00e0 son vif int\u00e9r\u00eat envers l&#8217;instrument, il prend tr\u00e8s t\u00f4t connaissance du jazz pour lequel il reconna\u00eet une passion. Il fait ses \u00e9tudes \u00e0 l\u2019IACP, \u00e9cole sous la direction des fr\u00e8res Belmondo.<\/span><\/p>\n<\/div><\/div>\n\n<p><\/p>\n\n<p><\/p>\n\n<p class=\"has-background has-very-light-gray-background-color\"><i><span style=\"font-weight: 400\">Felipe CABRERA -Contrebasse<\/span><\/i><\/p>\n\n<div class=\"wp-block-media-text alignwide has-media-on-the-right\"><figure class=\"wp-block-media-text__media\"><img loading=\"lazy\" decoding=\"async\" width=\"1024\" height=\"823\" src=\"https:\/\/afrus.ru\/nijni-novgorod\/wp-content\/uploads\/sites\/40\/2021\/10\/5e420bfeb2473c505b8b46bb-1024x823.jpeg\" alt=\"\" class=\"wp-image-6774\" srcset=\"https:\/\/afrus.ru\/nijni-novgorod\/wp-content\/uploads\/sites\/40\/2021\/10\/5e420bfeb2473c505b8b46bb-1024x823.jpeg 1024w, https:\/\/afrus.ru\/nijni-novgorod\/wp-content\/uploads\/sites\/40\/2021\/10\/5e420bfeb2473c505b8b46bb-300x241.jpeg 300w, https:\/\/afrus.ru\/nijni-novgorod\/wp-content\/uploads\/sites\/40\/2021\/10\/5e420bfeb2473c505b8b46bb-768x618.jpeg 768w, https:\/\/afrus.ru\/nijni-novgorod\/wp-content\/uploads\/sites\/40\/2021\/10\/5e420bfeb2473c505b8b46bb-1536x1235.jpeg 1536w, https:\/\/afrus.ru\/nijni-novgorod\/wp-content\/uploads\/sites\/40\/2021\/10\/5e420bfeb2473c505b8b46bb-2048x1647.jpeg 2048w\" sizes=\"(max-width: 1024px) 100vw, 1024px\" \/><\/figure><div class=\"wp-block-media-text__content\">\n<p><b>Felipe CABRERA<\/b><span style=\"font-weight: 400\"> est n\u00e9 \u00e0 la Havane au Cuba, il appartient \u00e0 la g\u00e9n\u00e9ration r\u00e9volutionnaire des musiciens et compositeurs cubains qui ont choisi le jazz et sa libert\u00e9 cr\u00e9ative comme forme d\u2019expression artistique.<\/span><\/p>\n\n\n\n<p><span style=\"font-weight: 400\">Apr\u00e8s 14 ann\u00e9es pass\u00e9es au groupe \u00abGonzalo Rubalcaba Proyecto\u00bb Felipe Cabrera montre trois fois (par ses albums \u00abMade In Animas\u00bb, \u00abEvidence from El Cayo\u00bb et \u00abNight Poems\u00bb), que non seulement il est un des bassistes de premier ordre sur la sc\u00e8ne mondiale du jazz, mais aussi un compositeur original et prometteur.<\/span><\/p>\n<\/div><\/div>\n\n<p><\/p>\n\n<p><\/p>\n\n<p class=\"has-background has-very-light-gray-background-color\"><i><span style=\"font-weight: 400\">Philippe SOIRAT-Batterie<\/span><\/i><\/p>\n\n<div class=\"wp-block-media-text alignwide\"><figure class=\"wp-block-media-text__media\"><img loading=\"lazy\" decoding=\"async\" width=\"512\" height=\"504\" src=\"https:\/\/afrus.ru\/nijni-novgorod\/wp-content\/uploads\/sites\/40\/2021\/10\/unnamed.jpeg\" alt=\"\" class=\"wp-image-6776\" srcset=\"https:\/\/afrus.ru\/nijni-novgorod\/wp-content\/uploads\/sites\/40\/2021\/10\/unnamed.jpeg 512w, https:\/\/afrus.ru\/nijni-novgorod\/wp-content\/uploads\/sites\/40\/2021\/10\/unnamed-300x295.jpeg 300w\" sizes=\"(max-width: 512px) 100vw, 512px\" \/><\/figure><div class=\"wp-block-media-text__content\">\n<p><b>Philippe Soirat <\/b><span style=\"font-weight: 400\">est n\u00e9 en 1961 \u00e0 Menton. D\u2019abord il apprend la musique en autodidacte et puis fait ses \u00e9tudes au Conservatoire de Monaco et au Centre musical contemporain de Nice.<\/span><\/p>\n\n\n\n<p><span style=\"font-weight: 400\">Il s\u2019installe \u00e0 Paris en 1986 et adh\u00e8re une \u00e9cole informelle du jazz qui organise des rencontres et des groupements exp\u00e9rimentaux de musiciens.<\/span><\/p>\n<\/div><\/div>\n\n<div class=\"wp-block-group\"><div class=\"wp-block-group__inner-container is-layout-flow wp-block-group-is-layout-flow\">\n<h2 class=\"wp-block-heading\">Vid\u00e9o<\/h2>\n\n\n\n<figure class=\"wp-block-embed-youtube aligncenter wp-block-embed is-type-video is-provider-youtube wp-embed-aspect-16-9 wp-has-aspect-ratio\"><div class=\"wp-block-embed__wrapper\">\n<iframe loading=\"lazy\" title=\"Samy Thi\u00e9bault en direct sur TSF Jazz !\" width=\"500\" height=\"281\" src=\"https:\/\/www.youtube.com\/embed\/KNMKQLx3g2E?start=70&#038;feature=oembed\" frameborder=\"0\" allow=\"accelerometer; autoplay; clipboard-write; encrypted-media; gyroscope; picture-in-picture; web-share\" referrerpolicy=\"strict-origin-when-cross-origin\" allowfullscreen><\/iframe>\n<\/div><\/figure><\/div><\/div>\n\n<p><a href=\"https:\/\/www.music-nn.ru\/afisha\/15112021\/\"><b>Acheter les billets<\/b><\/a><\/p>\n","protected":false},"excerpt":{"rendered":"<p>Le saxophoniste et compositeur fran\u00e7ais SAMY THIEBAULT va se produire pour la premi\u00e8re fois \u00e0 la Philarmonie de Nizhni Novgorod avec son collectif musical. Les musiciens pr\u00e9senteront au public son nouvel album \u00abSymphonic Tales\u00bb (\u00ab\u00a0Histoires symphoniques\u00a0\u00bb). Le concert est entr\u00e9 au programme de l\u2019abonnement de la philharmonie \u00ab\u00a0Les soir\u00e9e de jazz\u00a0\u00bb. Avec l\u2019appui de l\u2019Institut [&hellip;]<\/p>\n","protected":false},"author":13,"featured_media":0,"comment_status":"closed","ping_status":"closed","sticky":false,"template":"","format":"standard","meta":{"inline_featured_image":false,"footnotes":""},"categories":[38],"tags":[],"class_list":["post-6993","post","type-post","status-publish","format-standard","hentry","category-news"],"_links":{"self":[{"href":"https:\/\/afrus.ru\/nijni-novgorod\/wp-json\/wp\/v2\/posts\/6993"}],"collection":[{"href":"https:\/\/afrus.ru\/nijni-novgorod\/wp-json\/wp\/v2\/posts"}],"about":[{"href":"https:\/\/afrus.ru\/nijni-novgorod\/wp-json\/wp\/v2\/types\/post"}],"author":[{"embeddable":true,"href":"https:\/\/afrus.ru\/nijni-novgorod\/wp-json\/wp\/v2\/users\/13"}],"replies":[{"embeddable":true,"href":"https:\/\/afrus.ru\/nijni-novgorod\/wp-json\/wp\/v2\/comments?post=6993"}],"version-history":[{"count":1,"href":"https:\/\/afrus.ru\/nijni-novgorod\/wp-json\/wp\/v2\/posts\/6993\/revisions"}],"predecessor-version":[{"id":6994,"href":"https:\/\/afrus.ru\/nijni-novgorod\/wp-json\/wp\/v2\/posts\/6993\/revisions\/6994"}],"wp:attachment":[{"href":"https:\/\/afrus.ru\/nijni-novgorod\/wp-json\/wp\/v2\/media?parent=6993"}],"wp:term":[{"taxonomy":"category","embeddable":true,"href":"https:\/\/afrus.ru\/nijni-novgorod\/wp-json\/wp\/v2\/categories?post=6993"},{"taxonomy":"post_tag","embeddable":true,"href":"https:\/\/afrus.ru\/nijni-novgorod\/wp-json\/wp\/v2\/tags?post=6993"}],"curies":[{"name":"wp","href":"https:\/\/api.w.org\/{rel}","templated":true}]}}