{"id":7070,"date":"2021-10-25T20:28:50","date_gmt":"2021-10-25T17:28:50","guid":{"rendered":"http:\/\/afrus.ru\/nijni-novgorod\/non-classifiee\/conference-scientifique-et-pratique-internationale-a-l-ecole-superieure-d-economie-de-l-universite-nationale-de-recherche-nijni-novgorod-les-19-21-octobre\/"},"modified":"2021-10-25T20:28:55","modified_gmt":"2021-10-25T17:28:55","slug":"conference-scientifique-et-pratique-internationale-a-l-ecole-superieure-d-economie-de-l-universite-nationale-de-recherche-nijni-novgorod-les-19-21-octobre","status":"publish","type":"post","link":"https:\/\/afrus.ru\/nijni-novgorod\/fr\/actualites-fr\/conference-scientifique-et-pratique-internationale-a-l-ecole-superieure-d-economie-de-l-universite-nationale-de-recherche-nijni-novgorod-les-19-21-octobre\/","title":{"rendered":"Conf\u00e9rence scientifique et pratique internationale \u00e0 l&#8217;\u00c9cole sup\u00e9rieure d&#8217;\u00e9conomie de l\u2019universit\u00e9 nationale de recherche &#8212; Nijni Novgorod (les 19-21 octobre)"},"content":{"rendered":"\n<p><\/p>\n\n<p><i><span style=\"font-weight: 400\">Fond\u00e9 en 1996, le campus de Nijni Novgorod de l&#8217;\u00e9cole sup\u00e9rieure d&#8217;\u00e9conomie de l&#8217;Universit\u00e9 nationale de recherche f\u00eate cette ann\u00e9e son 25e anniversaire. Au cours de son d\u00e9veloppement, cette \u00e9cole de Nizhny Novgorod a non seulement fix\u00e9 des normes \u00e9ducatives modernes \u00e9lev\u00e9es, mais a \u00e9galement donn\u00e9 l&#8217;exemple d&#8217;une interaction multisectorielle entre l&#8217;enseignement sup\u00e9rieur et les institutions commerciales, industrielles, culturelles et gouvernementales \u00e0 l&#8217;\u00e9chelle r\u00e9gionale et f\u00e9d\u00e9rale.<\/span><\/i><\/p>\n\n<p><span style=\"font-weight: 400\">L&#8217;Ecole sup\u00e9rieure d&#8217;\u00e9conomie de l&#8217;Universit\u00e9 nationale de recherche &#8212; Nizhny Novgorod organise du 19 au 21 octobre la conf\u00e9rence scientifique et pratique internationale \u00ab\u041a\u0443\u043b\u044c\u0442\u0443\u0440\u043d\u044b\u0439 \u0442\u0440\u0430\u043d\u0441\u0444\u0435\u0440: \u0444\u043e\u0440\u043c\u0438\u0440\u043e\u0432\u0430\u043d\u0438\u0435 \u0441\u043e\u0437\u0438\u0434\u0430\u0442\u0435\u043b\u044c\u043d\u043e\u0433\u043e \u0447\u0435\u043b\u043e\u0432\u0435\u0447\u0435\u0441\u043a\u043e\u0433\u043e \u043a\u0430\u043f\u0438\u0442\u0430\u043b\u0430\u00bb (Transfert culturel : formation d\u2019un capital humain cr\u00e9atif).<\/span> <span style=\"font-weight: 400\">La conf\u00e9rence est une partie du congr\u00e8s du Sommet international des RH 2021 &#171;Capital humain du pays : nouvelle r\u00e9alit\u00e9 !&#187; organis\u00e9 par le gouvernement de la r\u00e9gion de Nijni Novgorod en collaboration avec l&#8217;Association des RH du district f\u00e9d\u00e9ral de la Volga.<\/span><\/p>\n\n<p>Lors de la Conf\u00e9rence, il est pr\u00e9vu d&#8217;\u00e9changer des exp\u00e9riences russes et \u00e9trang\u00e8res sur un large \u00e9ventail de questions li\u00e9es au transfert culturel et au d\u00e9veloppement du capital humain en tant que facteurs de croissance civilisationnelle de la soci\u00e9t\u00e9 et d&#8217;une \u00e9conomie innovante. La conf\u00e9rence est de nature interdisciplinaire.<\/p>\n\n<p><b>Langues de travail de la conf\u00e9rence<\/b><span style=\"font-weight: 400\"> : russe, anglais, allemand, fran\u00e7ais.<\/span><\/p>\n\n<hr class=\"wp-block-separator\" \/>\n\n<p class=\"has-medium-font-size\"><b>Les domaines th\u00e9matiques<\/b> <b>principaux de la Conf\u00e9rence<\/b><span style=\"font-weight: 400\"> :<\/span><\/p>\n\n<ul class=\"wp-block-list\"><li>\u2022 Nouveaux d\u00e9fis de la soci\u00e9t\u00e9 post-industrielle et transformation de la gestion: business et gouvernement ;<\/li><li>\u2022 L&#8217;\u00e9cosyst\u00e8me de l&#8217;universit\u00e9 : l&#8217;universit\u00e9 comme moteur de d\u00e9veloppement r\u00e9gional et relais de croissance pour la communaut\u00e9 des affaires ;<\/li><li>\u2022 Technologies intelligentes et solutions optimales dans une soci\u00e9t\u00e9 innovante et des syst\u00e8mes complexes ;<\/li><li>\u2022 Transfert culturel. La Russie dans le contexte europ\u00e9en et mondial. Autriche \u2194 Russie \u2194 France.<\/li><\/ul>\n<p><\/p>\n\n<hr class=\"wp-block-separator\" \/>\n\n<div class=\"wp-block-media-text alignwide\" style=\"grid-template-columns:54% auto\"><figure class=\"wp-block-media-text__media\"><img loading=\"lazy\" decoding=\"async\" width=\"1024\" height=\"1024\" src=\"http:\/\/afrus.ru\/nijni-novgorod\/wp-content\/uploads\/sites\/40\/2021\/10\/Instagram-AF-NN-7-1024x1024.jpg\" alt=\"\" class=\"wp-image-7028\" srcset=\"https:\/\/afrus.ru\/nijni-novgorod\/wp-content\/uploads\/sites\/40\/2021\/10\/Instagram-AF-NN-7-1024x1024.jpg 1024w, https:\/\/afrus.ru\/nijni-novgorod\/wp-content\/uploads\/sites\/40\/2021\/10\/Instagram-AF-NN-7-300x300.jpg 300w, https:\/\/afrus.ru\/nijni-novgorod\/wp-content\/uploads\/sites\/40\/2021\/10\/Instagram-AF-NN-7-150x150.jpg 150w, https:\/\/afrus.ru\/nijni-novgorod\/wp-content\/uploads\/sites\/40\/2021\/10\/Instagram-AF-NN-7-768x768.jpg 768w, https:\/\/afrus.ru\/nijni-novgorod\/wp-content\/uploads\/sites\/40\/2021\/10\/Instagram-AF-NN-7.jpg 1080w\" sizes=\"(max-width: 1024px) 100vw, 1024px\" \/><\/figure><div class=\"wp-block-media-text__content\">\n<p><span style=\"font-weight: 400\">L\u2019un des intervenants cl\u00e9s de la Conf\u00e9rence sera le professeur<\/span><b> Michel Espagne<\/b><span style=\"font-weight: 400\">, le directeur de recherche au Centre national de la recherche scientifique (Paris, France).\u00a0<\/span><\/p>\n\n\n\n<p><span style=\"font-weight: 400\">Il est consid\u00e9r\u00e9 comme un des cr\u00e9ateurs du concept de transferts culturels. En conf\u00e9rence il va pr\u00e9senter le rapport <\/span><b>\u00ab\u00a0Transferts culturels comme mod\u00e8le. Certains cas russes\u00a0\u00bb<\/b><span style=\"font-weight: 400\">.<\/span><\/p>\n\n\n\n<p class=\"has-normal-font-size\"><span style=\"font-weight: 400\">Le concept de <em>T<\/em><\/span><i><span style=\"font-weight: 400\">ransfert culturel<\/span><\/i><span style=\"font-weight: 400\">\u00a0est pos\u00e9 sur des id\u00e9es de l&#8217;\u00e9change transnationale mat\u00e9rielle et id\u00e9ologique, des flux mondiaux et de l\u2019influence r\u00e9ciproque de visions du monde. Nizhni Novgorod est historiquement un territoire de transferts culturels, d\u2019abord comme ville fronti\u00e8re et puis comme ville-fondateur et coordinateur du plus grand \u00e9v\u00e9nement commercial de l\u2019Empire russe &#8212; la foire de Nizhni Novgorod, et le gardien de ses traditions.<\/span>&#013;\n&#013;\n<span style=\"font-weight: 400\">Au XXe si\u00e8cle, le d\u00e9veloppement de la ville en tant que centre majeur de l&#8217;industrie et de l&#8217;\u00e9ducation a contribu\u00e9 au maintien du ph\u00e9nom\u00e8ne du transfert culturel de Nijni Novgorod.<\/span><\/p>\n<\/div><\/div>\n\n<hr class=\"wp-block-separator\" \/>\n\n<p class=\"has-text-align-center\"> \u00abTout d\u00e9placement d&#8217;un objet culturel d&#8217;un contexte \u00e0 un autre entra\u00eene une transformation de sa signification, une dynamique de r\u00e9-s\u00e9mantique que nous ne pouvons reconna\u00eetre pleinement qu&#8217;en tenant compte des vecteurs de transfert historiques. Les \u00e9tudes sur le transfert montrent que l&#8217;appropriation d&#8217;un objet culturel lib\u00e8re l&#8217;objet de son mod\u00e8le, c&#8217;est-\u00e0-dire que la transposition, aussi \u00e9loign\u00e9e qu&#8217;elle soit de l&#8217;original, \u00e0 la m\u00eame l\u00e9gitimit\u00e9 que le mod\u00e8le. \u00bb<\/p>\n\n<p class=\"has-text-align-center\"><em><span style=\"font-weight: 400\">De l&#8217;annotation au rapport \u00ab Le transfert culturel comme mod\u00e8le. Plusieurs cas russes &#171;<\/span><\/em><\/p>\n\n<p>Source: <a href=\"https:\/\/nnov.hse.ru\/\">\u041d\u0418\u0423 \u0412\u0428\u042d &#8212; \u041d\u0438\u0436\u043d\u0438\u0439 \u041d\u043e\u0432\u0433\u043e\u0440\u043e\u0434<\/a><\/p>\n","protected":false},"excerpt":{"rendered":"<p>Fond\u00e9 en 1996, le campus de Nijni Novgorod de l&#8217;\u00e9cole sup\u00e9rieure d&#8217;\u00e9conomie de l&#8217;Universit\u00e9 nationale de recherche f\u00eate cette ann\u00e9e son 25e anniversaire. Au cours de son d\u00e9veloppement, cette \u00e9cole de Nizhny Novgorod a non seulement fix\u00e9 des normes \u00e9ducatives modernes \u00e9lev\u00e9es, mais a \u00e9galement donn\u00e9 l&#8217;exemple d&#8217;une interaction multisectorielle entre l&#8217;enseignement sup\u00e9rieur et les [&hellip;]<\/p>\n","protected":false},"author":13,"featured_media":0,"comment_status":"closed","ping_status":"closed","sticky":false,"template":"","format":"standard","meta":{"inline_featured_image":false,"footnotes":""},"categories":[38],"tags":[],"class_list":["post-7070","post","type-post","status-publish","format-standard","hentry","category-news"],"_links":{"self":[{"href":"https:\/\/afrus.ru\/nijni-novgorod\/wp-json\/wp\/v2\/posts\/7070"}],"collection":[{"href":"https:\/\/afrus.ru\/nijni-novgorod\/wp-json\/wp\/v2\/posts"}],"about":[{"href":"https:\/\/afrus.ru\/nijni-novgorod\/wp-json\/wp\/v2\/types\/post"}],"author":[{"embeddable":true,"href":"https:\/\/afrus.ru\/nijni-novgorod\/wp-json\/wp\/v2\/users\/13"}],"replies":[{"embeddable":true,"href":"https:\/\/afrus.ru\/nijni-novgorod\/wp-json\/wp\/v2\/comments?post=7070"}],"version-history":[{"count":3,"href":"https:\/\/afrus.ru\/nijni-novgorod\/wp-json\/wp\/v2\/posts\/7070\/revisions"}],"predecessor-version":[{"id":7073,"href":"https:\/\/afrus.ru\/nijni-novgorod\/wp-json\/wp\/v2\/posts\/7070\/revisions\/7073"}],"wp:attachment":[{"href":"https:\/\/afrus.ru\/nijni-novgorod\/wp-json\/wp\/v2\/media?parent=7070"}],"wp:term":[{"taxonomy":"category","embeddable":true,"href":"https:\/\/afrus.ru\/nijni-novgorod\/wp-json\/wp\/v2\/categories?post=7070"},{"taxonomy":"post_tag","embeddable":true,"href":"https:\/\/afrus.ru\/nijni-novgorod\/wp-json\/wp\/v2\/tags?post=7070"}],"curies":[{"name":"wp","href":"https:\/\/api.w.org\/{rel}","templated":true}]}}