{"id":8476,"date":"2022-01-31T19:31:06","date_gmt":"2022-01-31T16:31:06","guid":{"rendered":"http:\/\/afrus.ru\/nijni-novgorod\/?p=8476"},"modified":"2022-01-31T19:31:08","modified_gmt":"2022-01-31T16:31:08","slug":"musique-a-la-francaise-2-boulevard-des-airs","status":"publish","type":"post","link":"https:\/\/afrus.ru\/nijni-novgorod\/%d0%b1%d0%b5%d0%b7-%d0%ba%d0%b0%d1%82%d0%b5%d0%b3%d0%be%d1%80%d0%b8%d0%b8\/musique-a-la-francaise-2-boulevard-des-airs\/","title":{"rendered":"Musique \u00e0 la fran\u00e7aise \/ 2. Boulevard des Airs"},"content":{"rendered":"\n<div class=\"wp-block-image\"><figure class=\"alignright size-large is-resized\"><img loading=\"lazy\" decoding=\"async\" src=\"https:\/\/afrus.ru\/nijni-novgorod\/wp-content\/uploads\/sites\/40\/2022\/01\/3gyIgfok4mk-2.jpeg\" alt=\"\" class=\"wp-image-8479\" width=\"413\" height=\"275\" srcset=\"https:\/\/afrus.ru\/nijni-novgorod\/wp-content\/uploads\/sites\/40\/2022\/01\/3gyIgfok4mk-2.jpeg 1004w, https:\/\/afrus.ru\/nijni-novgorod\/wp-content\/uploads\/sites\/40\/2022\/01\/3gyIgfok4mk-2-300x200.jpeg 300w, https:\/\/afrus.ru\/nijni-novgorod\/wp-content\/uploads\/sites\/40\/2022\/01\/3gyIgfok4mk-2-768x512.jpeg 768w\" sizes=\"(max-width: 413px) 100vw, 413px\" \/><\/figure><\/div>\n\n\n\n<p><strong>\u00ab\u00a0Boulevard des Airs\u00a0\u00bb originaire du sud-ouest est emmen\u00e9e par cinq musiciens aux influences diverses. Leur musique est un m\u00e9lange de styles, y compris la musique ethnique, la pop et l&#8217;\u00e9lectronique.<\/strong><\/p>\n\n\n\n<p>Apparu au d\u00e9but de la d\u00e9cennie 2000, \u00ab&nbsp;Boulevard des Airs&nbsp;\u00bb \u00e9tait un groupe compos\u00e9 de Florent Dasque et Sylvain Duthu, deux amis qui ont cr\u00e9\u00e9 la groupe, avec Jean-No\u00ebl Dasque, Jean-Baptise Labe, Laurent Garnier, Ernst Carree et J\u00e9r\u00e9mie Plante. Au d\u00e9part, chacun \u00e9voluait dans des groupes diff\u00e9rents et seulement en 2004, du c\u00f4t\u00e9 de Tarbes dans les Hautes-Pyr\u00e9n\u00e9es ils ont d\u00e9cid\u00e9 de faire route commune. Ainsi, le groupe a sign\u00e9 un contrat avec Sony Music en juin 2011.<\/p>\n\n\n\n<div style=\"height:34px\" aria-hidden=\"true\" class=\"wp-block-spacer\"><\/div>\n\n\n\n<h2 class=\"has-text-align-center wp-block-heading\"><strong>\u00abC&#8217;EST DIFFICILE DE D\u00c9FINIR L&#8217;AMITI\u00c9 LA VRAIE ET QUELQUE PART C&#8217;EST TR\u00c8S SIMPLE\u00bb<\/strong><\/h2>\n\n\n\n<p>Avant de pr\u00e9senter leur premier album, intitul\u00e9 \u00abParis-Buenos Aires\u00bb, en octobre 2011, le groupe arpentait les sc\u00e8nes de France pendant plusieurs ann\u00e9es et s&#8217;est fait remarquer. Donc ils assuraient plusieurs premi\u00e8res parties et ont \u00e9t\u00e9 offr\u00e9 m\u00eame L\u2019Olympia en 2010.<\/p>\n\n\n\n<figure class=\"wp-block-gallery columns-2 is-cropped wp-block-gallery-1 is-layout-flex wp-block-gallery-is-layout-flex\"><ul class=\"blocks-gallery-grid\"><li class=\"blocks-gallery-item\"><figure><img loading=\"lazy\" decoding=\"async\" width=\"870\" height=\"489\" src=\"https:\/\/afrus.ru\/nijni-novgorod\/wp-content\/uploads\/sites\/40\/2022\/01\/pW85Dvf9FYM.jpeg\" alt=\"\" data-id=\"8483\" data-link=\"https:\/\/afrus.ru\/nijni-novgorod\/?attachment_id=8483\" class=\"wp-image-8483\" srcset=\"https:\/\/afrus.ru\/nijni-novgorod\/wp-content\/uploads\/sites\/40\/2022\/01\/pW85Dvf9FYM.jpeg 870w, https:\/\/afrus.ru\/nijni-novgorod\/wp-content\/uploads\/sites\/40\/2022\/01\/pW85Dvf9FYM-300x169.jpeg 300w, https:\/\/afrus.ru\/nijni-novgorod\/wp-content\/uploads\/sites\/40\/2022\/01\/pW85Dvf9FYM-768x432.jpeg 768w\" sizes=\"(max-width: 870px) 100vw, 870px\" \/><\/figure><\/li><li class=\"blocks-gallery-item\"><figure><img loading=\"lazy\" decoding=\"async\" width=\"750\" height=\"500\" src=\"https:\/\/afrus.ru\/nijni-novgorod\/wp-content\/uploads\/sites\/40\/2022\/01\/OP1fis84kpc.jpeg\" alt=\"\" data-id=\"8485\" data-full-url=\"https:\/\/afrus.ru\/nijni-novgorod\/wp-content\/uploads\/sites\/40\/2022\/01\/OP1fis84kpc.jpeg\" data-link=\"https:\/\/afrus.ru\/nijni-novgorod\/?attachment_id=8485\" class=\"wp-image-8485\" srcset=\"https:\/\/afrus.ru\/nijni-novgorod\/wp-content\/uploads\/sites\/40\/2022\/01\/OP1fis84kpc.jpeg 750w, https:\/\/afrus.ru\/nijni-novgorod\/wp-content\/uploads\/sites\/40\/2022\/01\/OP1fis84kpc-300x200.jpeg 300w\" sizes=\"(max-width: 750px) 100vw, 750px\" \/><\/figure><\/li><\/ul><\/figure>\n\n\n\n<p>En juillet 2011, le titre \u00abCielo Ciego\u00bb a annonc\u00e9 l\u2019arriv\u00e9e de \u00abParis-Buenos Aires\u00bb. Ce premier album est devenu un succ\u00e8s, puisqu\u2019il a \u00e9t\u00e9 certifi\u00e9 disque d\u2019or. Au d\u00e9but de l\u2019ann\u00e9e 2012, Boulevard des airs a sorti un autre single, intitul\u00e9 \u00abSan Clemente\u00bb; et a encha\u00een\u00e9 avec une nouvelle tourn\u00e9e qui s\u2019est \u00e9tendu hors de l\u2019Hexagone, avec des concerts en Espagne, en Suisse, en Belgique et au Canada.<\/p>\n\n\n\n<p>Peu temps apr\u00e8s, en janvier 2013 Boulevard des airs a \u00e9t\u00e9 nomm\u00e9 dans la cat\u00e9gorie R\u00e9v\u00e9lation Sc\u00e8ne aux Victoires de la Musique.\u00a0<\/p>\n\n\n\n<p>Fort de cette reconnaissance de la profession, Boulevard des airs a sorti son deuxi\u00e8me album le 13 mai 2013. \u00abLes Appareuses Trompences\u00bb, s&#8217;appelait \u00e0 l&#8217;origine &#171;Bla-Bla&#187;, a confirm\u00e9 le succ\u00e8s du premier opus et le groupe est parti une nouvelle fois en tourn\u00e9e. Pendant deux ans, ils se produisaient en France, mais aussi dans toute l\u2019Europe.<\/p>\n\n\n\n<div style=\"height:33px\" aria-hidden=\"true\" class=\"wp-block-spacer\"><\/div>\n\n\n\n<h2 class=\"has-text-align-center wp-block-heading\"><strong>\u00abLA VIE C&#8217;EST PAS GRAND CHOSE, DES R\u00caVES ET DE LA PROSE, MAIS FAIS-EN CE QUE TU VEUX\u00bb<\/strong><\/h2>\n\n\n\n<p><\/p>\n\n\n\n<div class=\"wp-block-image\"><figure class=\"alignright size-large is-resized\"><img loading=\"lazy\" decoding=\"async\" src=\"https:\/\/afrus.ru\/nijni-novgorod\/wp-content\/uploads\/sites\/40\/2022\/01\/oweQwXjUejI-1-1024x683.jpeg\" alt=\"\" class=\"wp-image-8493\" width=\"460\" height=\"306\" srcset=\"https:\/\/afrus.ru\/nijni-novgorod\/wp-content\/uploads\/sites\/40\/2022\/01\/oweQwXjUejI-1-1024x683.jpeg 1024w, https:\/\/afrus.ru\/nijni-novgorod\/wp-content\/uploads\/sites\/40\/2022\/01\/oweQwXjUejI-1-300x200.jpeg 300w, https:\/\/afrus.ru\/nijni-novgorod\/wp-content\/uploads\/sites\/40\/2022\/01\/oweQwXjUejI-1-768x512.jpeg 768w, https:\/\/afrus.ru\/nijni-novgorod\/wp-content\/uploads\/sites\/40\/2022\/01\/oweQwXjUejI-1.jpeg 1280w\" sizes=\"(max-width: 460px) 100vw, 460px\" \/><\/figure><\/div>\n\n\n\n<p>De retour en studio, Boulevard des airs a encha\u00een\u00e9 avec un troisi\u00e8me album, \u00abBruxelles\u00bb. C\u2019\u00e9tait un succ\u00e8s et la disque a \u00e9t\u00e9 certifi\u00e9e platine. Mais \u0441\u0442\u043e\u0438\u0442 \u043e\u0442\u043c\u0435\u0442\u0438\u0442\u044c, \u0447\u0442\u043e ce n\u2019\u00e9tait une nouvelle fois pas dans les charts que Boulevard des airs trouvait son bonheur, mais bien sur sc\u00e8ne.<\/p>\n\n\n\n<p>Le groupe est parti une nouvelle fois pour une tourn\u00e9e de deux ans et c\u2019\u00e9tait leur premi\u00e8re tourn\u00e9e des Z\u00e9niths, ce qui est devenu en soi une preuve de l&#8217;\u00e9norme succ\u00e8s et de la r\u00e9putation du groupe.<\/p>\n\n\n\n<p>Deux ans apr\u00e8s la sortie de \u00abJe me dis que toi aussi\u00bb, Boulevard des Airs a fait son retour avec un nouvel opus le 20 novembre 2020. C&#8217;\u00e9tait l\u2019occasion pour le duo originaire de Tarbes de revisiter ses hits les plus connus comme \u00abIci\u00bb, \u00abComment \u00e7a tue\u00bb ou encore \u00abAllez Reste\u00bb. Alors Sylvain et Florent connaissaient un grand succ\u00e8s gr\u00e2ce \u00e0 leur nouvelle version de \u00abEmm\u00e8ne-Moi\u00bb, en collaboration avec L.E.J.<\/p>\n\n\n\n<p>Sylvain Duthu est le chanteur et le cr\u00e9ateur du groupe, mais aussi celui qui \u00e9crit tous les superbes textes. D\u00e9j\u00e0 pendant ses \u00e9tudes, le groupe \u00e9tait sa passion, les yeux du jeune homme s&#8217;illuminaient lorsqu&#8217;il faisait de la musique. Apr\u00e8s tout, il ne s&#8217;agissait \u00e0 l&#8217;origine que d&#8217;un groupe d&#8217;adolescents, mais il est devenu un v\u00e9ritable ensemble professionnel de neuf artistes comptant des centaines de milliers de fans en France et \u00e0 l&#8217;\u00e9tranger. Mais ce n&#8217;est pas seulement sa passion qui a d\u00e9termin\u00e9 la popularit\u00e9 du jeune groupe.&nbsp;<\/p>\n\n\n\n<p><strong>Regardez le clip \u00abEmm\u00e8ne-Moi\u00bb en cliquant ici:<\/strong><\/p>\n\n\n\n<figure class=\"wp-block-embed-youtube wp-block-embed is-type-video is-provider-youtube wp-embed-aspect-16-9 wp-has-aspect-ratio\"><div class=\"wp-block-embed__wrapper\">\n<iframe loading=\"lazy\" title=\"Boulevard des Airs - Emm\u00e8ne-moi (Clip officiel) ft. L.E.J\" width=\"500\" height=\"281\" src=\"https:\/\/www.youtube.com\/embed\/oqMmM6tgUCU?feature=oembed\" frameborder=\"0\" allow=\"accelerometer; autoplay; clipboard-write; encrypted-media; gyroscope; picture-in-picture; web-share\" referrerpolicy=\"strict-origin-when-cross-origin\" allowfullscreen><\/iframe>\n<\/div><\/figure>\n\n\n\n<div style=\"height:36px\" aria-hidden=\"true\" class=\"wp-block-spacer\"><\/div>\n\n\n\n<h2 class=\"has-text-align-center wp-block-heading\"><strong>\u00abDIS-MOI COMMENT TU DANSES, JE TE DIRAI QUI TU ES\u00bb<\/strong><\/h2>\n\n\n\n<p>Les membres actuels du groupe sont :<\/p>\n\n\n\n<ul class=\"wp-block-list\"><li>Jean-No\u00ebl Dasque\u00a0:\u00a0<a href=\"https:\/\/fr.wikipedia.org\/wiki\/Guitare\">guitare<\/a><\/li><li>Sylvain Duthu\u00a0:\u00a0<a href=\"https:\/\/fr.wikipedia.org\/wiki\/Chant\">chant<\/a><\/li><li>Florent Dasque\u00a0: chant,\u00a0<a href=\"https:\/\/fr.wikipedia.org\/wiki\/Guitare\">guitare<\/a><\/li><li>J\u00e9r\u00e9mie Plante\u00a0:\u00a0<a href=\"https:\/\/fr.wikipedia.org\/wiki\/Piano\">piano<\/a><\/li><li>Jean-Baptiste Labe\u00a0:\u00a0<a href=\"https:\/\/fr.wikipedia.org\/wiki\/Trombone_(instrument)\">trombone<\/a><\/li><li>Laurent Garnier\u00a0:\u00a0<a href=\"https:\/\/fr.wikipedia.org\/wiki\/Guitare_basse\">basse<\/a>,\u00a0<a href=\"https:\/\/fr.wikipedia.org\/wiki\/Clavier_(instrument)\">clavier<\/a><\/li><li>Ernst Carree\u00a0:\u00a0<a href=\"https:\/\/fr.wikipedia.org\/wiki\/Batterie_(instrument)\">batterie<\/a><\/li><\/ul>\n\n\n\n<p>Aujourd&#8217;hui, le groupe ne fait que prendre de l&#8217;ampleur, il ne fait pas du surplace et se d\u00e9veloppe. Tous les participants m\u00e8nent une vie cr\u00e9ative. Leur cuisine explosive de chanson rock \u00e0 la sauce world, reggae, ska et fanfare balkanique attire un nombre grandissant d&#8217;adeptes partout o\u00f9 elle passe.<\/p>\n\n\n\n<div style=\"height:100px\" aria-hidden=\"true\" class=\"wp-block-spacer\"><\/div>\n\n\n\n<p><em>Source: <br><a href=\"https:\/\/www.chantefrance.com\/artist\/153230-boulevard-des-airs\/biographie\">Chante France.com \/ Boulevard des Airs<\/a><br><a href=\"https:\/\/www.chantefrance.com\/artist\/153230-boulevard-des-airs\/biographie\">NRJ : Biographie Boulevard des Airs<\/a><\/em><\/p>\n","protected":false},"excerpt":{"rendered":"<p>\u00ab\u00a0Boulevard des Airs\u00a0\u00bb originaire du sud-ouest est emmen\u00e9e par cinq musiciens aux influences diverses. Leur musique est un m\u00e9lange de styles, y compris la musique ethnique, la pop et l&#8217;\u00e9lectronique. Apparu au d\u00e9but de la d\u00e9cennie 2000, \u00ab&nbsp;Boulevard des Airs&nbsp;\u00bb \u00e9tait un groupe compos\u00e9 de Florent Dasque et Sylvain Duthu, deux amis qui ont cr\u00e9\u00e9 [&hellip;]<\/p>\n","protected":false},"author":13,"featured_media":0,"comment_status":"closed","ping_status":"closed","sticky":false,"template":"","format":"standard","meta":{"inline_featured_image":false,"footnotes":""},"categories":[1],"tags":[],"class_list":["post-8476","post","type-post","status-publish","format-standard","hentry","category-1"],"_links":{"self":[{"href":"https:\/\/afrus.ru\/nijni-novgorod\/wp-json\/wp\/v2\/posts\/8476"}],"collection":[{"href":"https:\/\/afrus.ru\/nijni-novgorod\/wp-json\/wp\/v2\/posts"}],"about":[{"href":"https:\/\/afrus.ru\/nijni-novgorod\/wp-json\/wp\/v2\/types\/post"}],"author":[{"embeddable":true,"href":"https:\/\/afrus.ru\/nijni-novgorod\/wp-json\/wp\/v2\/users\/13"}],"replies":[{"embeddable":true,"href":"https:\/\/afrus.ru\/nijni-novgorod\/wp-json\/wp\/v2\/comments?post=8476"}],"version-history":[{"count":8,"href":"https:\/\/afrus.ru\/nijni-novgorod\/wp-json\/wp\/v2\/posts\/8476\/revisions"}],"predecessor-version":[{"id":8498,"href":"https:\/\/afrus.ru\/nijni-novgorod\/wp-json\/wp\/v2\/posts\/8476\/revisions\/8498"}],"wp:attachment":[{"href":"https:\/\/afrus.ru\/nijni-novgorod\/wp-json\/wp\/v2\/media?parent=8476"}],"wp:term":[{"taxonomy":"category","embeddable":true,"href":"https:\/\/afrus.ru\/nijni-novgorod\/wp-json\/wp\/v2\/categories?post=8476"},{"taxonomy":"post_tag","embeddable":true,"href":"https:\/\/afrus.ru\/nijni-novgorod\/wp-json\/wp\/v2\/tags?post=8476"}],"curies":[{"name":"wp","href":"https:\/\/api.w.org\/{rel}","templated":true}]}}