{"id":618,"date":"2014-05-30T00:00:00","date_gmt":"2014-05-29T21:00:00","guid":{"rendered":"http:\/\/afrus.ru\/vladivostok\/%d0%b1%d0%b5%d0%b7-%d0%ba%d0%b0%d1%82%d0%b5%d0%b3%d0%be%d1%80%d0%b8%d0%b8\/201405nouvelles-pratiques-de-classe-et-certifications-359\/"},"modified":"2014-05-30T00:00:00","modified_gmt":"2014-05-29T21:00:00","slug":"201405nouvelles-pratiques-de-classe-et-certifications-359","status":"publish","type":"post","link":"https:\/\/afrus.ru\/vladivostok\/news\/201405nouvelles-pratiques-de-classe-et-certifications-359\/","title":{"rendered":"Nouvelles pratiques de classe et certifications"},"content":{"rendered":"<div class=\"jour-mois\"><strong>S\u00e9minaire r\u00e9gional de formation<\/strong><\/div>\n<div class=\"jour-mois\">&nbsp;<\/div>\n<div class=\"jour-mois\"><strong>du 23 juin au 25 juin<\/strong><\/div>\n<div class=\"field field-name-body field-type-text-with-summary field-label-hidden\">\n<div class=\"field-items\">\n<div class=\"field-item clearfix even\">\n<p>&nbsp;<\/p>\n<p>Le secteur \u00e9ducatif de l&#39;Institut fran\u00e7ais de Russie organise, en partenariat avec l&#39;Universit\u00e9 f\u00e9d\u00e9rale d&#39;Extr\u00eame-Orient et l&#39;Alliance fran\u00e7aise de Vladivostok, un s\u00e9minaire de formation en direction des professeurs de fran\u00e7ais des universit\u00e9s et des \u00e9tablissements scolaires de l&#39;extr\u00eame-orient russe.<\/p>\n<p>Le s\u00e9minaire permettra aux professeurs d&#39;\u00e9changer sur leur contexte d&#39;enseignement, plus particuli\u00e8rement autour de l&#39;\u00e9valuation en vue de la pr\u00e9paration aux certifications de langue fran\u00e7aise. Un parcours de formation d\u00e9di\u00e9 aux professeurs des universit\u00e9s permettra d&#39;aborder&nbsp; la question des dispositifs hybrides et du travail en autonomie. Un parcours parall\u00e8le, pour les professeurs de l&#39;enseignement primaire et secondaire, permettra de r\u00e9fl\u00e9chir aux m\u00e9thodologies \u00e0 mettre en oeuvre pour d\u00e9velopper une perspective actionnelle. Un troisi\u00e8me parcours transversal, permettra aux enseignants de r\u00e9fl\u00e9chir \u00e0 la question des ressources en ligne en vue de constituer un portail de mutualisation.<\/p>\n<p>Le programme du s\u00e9minaire est en cours de pr\u00e9paration mais vous pouvez d&#39;ores et d\u00e9j\u00e0 prendre connaissance de l&#39;emploi du temps pr\u00e9visionnel. Les trois axes cit\u00e9s ci-dessus feront l&#39;objet de trois ateliers de formation anim\u00e9s par Aur\u00e9lie ALBISSER, Roselyne MARTY et H\u00e9l\u00e8ne BUISSON.<\/p>\n<p><strong>Aur\u00e9lie ALBISSER<\/strong> est coordinatrice p\u00e9dagogique du centre de langues du minist\u00e8re des Affaires \u00e9trang\u00e8res. A ce titre, elle coordonne les programmes p\u00e9dagogiques dans pr\u00e8s de 13 langues et d\u00e9veloppe tests linguistiques et formation linguistique en ligne pour les agents du minist\u00e8re. Auparavant, Aur\u00e9lie ALBISSER a \u00e9t\u00e9 conceptrice et r\u00e9dactrice p\u00e9dagogique pour le site de l&#39;OIF Francparler. Elle a \u00e9galement anim\u00e9 de nombreuses formations de formateurs aupr\u00e8s d&#39;alliances fran\u00e7aises, pour la FIPF ou encore l&#39;AUF. Elle a enseign\u00e9 le FLE et FOU dans divers contextes (USA, Italie, IUT d&#39;Orsay, etc.)<\/p>\n<p><strong>Roselyne MARTY<\/strong> est charg\u00e9e de programmes DELF-DALF au D\u00e9partement Evaluations et certifications du CIEP. Elle a anim\u00e9 de tr\u00e8s nombreuses formations d&#39;habilitation correcteur-examinateur et formateurs de formateurs DELF-DALF. Roselyne Marty a \u00e9galement enseign\u00e9 et mont\u00e9 des projets p\u00e9dagogiques en Russie (Voronej), en G\u00e9orgie ou encore en Chine. Elle est l&#39;auteure de nombreux manuels et m\u00e9thodes sur le DELF.&nbsp;<\/p>\n<p><strong>H\u00e9l\u00e8ne BUISSON<\/strong> est attach\u00e9e de coop\u00e9ration pour le fran\u00e7ais \u00e0 Ekaterinbourg (coop\u00e9ration linguistique et \u00e9ducative sur le niveau scolaire- r\u00e9seau bilingue francophone en Russie). Elle a enseign\u00e9 le FLE dans diff\u00e9rents contextes scolaires et universitaires (France, Allemagne, Roumanie) et a anim\u00e9 de nombreuses formations sur l&#39;int\u00e9gration des TICE dans les pratiques de classe.<\/p>\n<p>Le secteur \u00e9ducatif prend en charge les frais de formation, l&#39;h\u00e9bergement et la restauration (d\u00e9jeuners) des participants. Reste \u00e0 la charge de chaque participant le transport aller-retour jusque Vladivostok.<\/p>\n<p>Le nombre de places \u00e9tant limit\u00e9, nous vous invitons \u00e0 nous adresser votre fiche de renseignements.&nbsp; Vous pourrez suivre l&#39;un des trois parcours propos\u00e9s.<\/p>\n<p>Vous adresserez votre fiche, au plus tard le 14 juin 2014, \u00e0 l&#39;adresse <a href=\"mailto:educ@ifrussie.ru\">educ@ifrussie.ru<\/a> . Vous indiquerez en objet de votre message : candidature s\u00e9minaire Vladivostok juin 2014. Une fois votre inscription valid\u00e9e, nous vous transmettons une invitation officielle.<\/p>\n<p>Vous pouvez consulter le calendrier <a href=\"http:\/\/www.institutfrancais.ru\/sites\/default\/files\/programme_previsionnel_vladivostok_20140528_v2.docx\" target=\"_blank\" rel=\"noopener noreferrer\">pr\u00e9visionnel du s\u00e9minaire<\/a>.<\/p>\n<p>Pour plus d&#39;informations, vous pouvez contacter H\u00e9l\u00e8ne BUISSON ( <a href=\"mailto:helene.buisson@diplomatie.gouv.fr\">helene.buisson@diplomatie.gouv.fr<\/a> )<\/p>\n<\/div>\n<\/div>\n<\/div>\n<p>&nbsp;<\/p>\n","protected":false},"excerpt":{"rendered":"<p>S\u00e9minaire r\u00e9gional de formation &nbsp; du 23 juin au 25 juin &nbsp; Le secteur \u00e9ducatif de l&#39;Institut fran\u00e7ais de Russie organise, en partenariat avec l&#39;Universit\u00e9 f\u00e9d\u00e9rale d&#39;Extr\u00eame-Orient et l&#39;Alliance fran\u00e7aise de Vladivostok, un s\u00e9minaire de formation en direction des professeurs de fran\u00e7ais des universit\u00e9s et des \u00e9tablissements scolaires de l&#39;extr\u00eame-orient russe. Le s\u00e9minaire permettra aux [&hellip;]<\/p>\n","protected":false},"author":1,"featured_media":619,"comment_status":"closed","ping_status":"closed","sticky":false,"template":"","format":"standard","meta":{"inline_featured_image":false,"footnotes":""},"categories":[38],"tags":[],"class_list":["post-618","post","type-post","status-publish","format-standard","has-post-thumbnail","hentry","category-news"],"_links":{"self":[{"href":"https:\/\/afrus.ru\/vladivostok\/wp-json\/wp\/v2\/posts\/618"}],"collection":[{"href":"https:\/\/afrus.ru\/vladivostok\/wp-json\/wp\/v2\/posts"}],"about":[{"href":"https:\/\/afrus.ru\/vladivostok\/wp-json\/wp\/v2\/types\/post"}],"author":[{"embeddable":true,"href":"https:\/\/afrus.ru\/vladivostok\/wp-json\/wp\/v2\/users\/1"}],"replies":[{"embeddable":true,"href":"https:\/\/afrus.ru\/vladivostok\/wp-json\/wp\/v2\/comments?post=618"}],"version-history":[{"count":0,"href":"https:\/\/afrus.ru\/vladivostok\/wp-json\/wp\/v2\/posts\/618\/revisions"}],"wp:featuredmedia":[{"embeddable":true,"href":"https:\/\/afrus.ru\/vladivostok\/wp-json\/wp\/v2\/media\/619"}],"wp:attachment":[{"href":"https:\/\/afrus.ru\/vladivostok\/wp-json\/wp\/v2\/media?parent=618"}],"wp:term":[{"taxonomy":"category","embeddable":true,"href":"https:\/\/afrus.ru\/vladivostok\/wp-json\/wp\/v2\/categories?post=618"},{"taxonomy":"post_tag","embeddable":true,"href":"https:\/\/afrus.ru\/vladivostok\/wp-json\/wp\/v2\/tags?post=618"}],"curies":[{"name":"wp","href":"https:\/\/api.w.org\/{rel}","templated":true}]}}